{"id":556,"date":"2016-02-22T00:00:00","date_gmt":"2016-02-21T23:00:00","guid":{"rendered":"http:\/\/zavod-parnas.org\/w\/2016\/02\/22\/potopisno-predavanje-martine-tekavec-o-irski-in-fotografska-razstava\/"},"modified":"2016-11-02T13:26:43","modified_gmt":"2016-11-02T12:26:43","slug":"potopisno-predavanje-martine-tekavec-o-irski-in-fotografska-razstava","status":"publish","type":"post","link":"https:\/\/zavod-parnas.org\/w\/potopisno-predavanje-martine-tekavec-o-irski-in-fotografska-razstava\/","title":{"rendered":"Potopisno predavanje in fotografska razstava o Irski"},"content":{"rendered":"<p><img decoding=\"async\" style=\"margin: 5px;\" src=\"\/images\/news\/Martina_Tekavec_Irska3.JPG\" alt=\"\" align=\"right\" \/><\/p>\n<p>Knji\u017enica Frana Levstika v Velikih La\u0161\u010dah<br \/>\nv sodelovanju z Zavodom PARNAS<\/p>\n<p>Fotografska razstava<br \/>\nMartina Tekavec: Irska, vtisi s potovanja<\/p>\n<p>na ogled v \u010dasu delovanja knji\u017enice:<br \/>\n&#8211; ponedeljek od 13h do 19h,<br \/>\n&#8211; sredo od 11h do 14h,<br \/>\n&#8211; \u010detrtek in petek od 13h do 19h,<br \/>\nod 2.2. do 29.2.2016.<\/p>\n<p>\u017dE MINILO: POTOPISNO PREDAVANJE Martine Tekavec: IRSKA<br \/>\n\u010detrtek, 25. februarja 2016 ob 19. uri<br \/>\nspominska soba v Levstikovem domu Velike La\u0161\u010de<\/p>\n<p>Razstavo finan\u010dno podpira \u00a0Ob\u010dina Velike La\u0161\u010de, predavanje pa Knji\u017enica Frana Levstika Velike La\u0161\u010de.<\/p>\n<p><img decoding=\"async\" style=\"margin: 5px;\" src=\"\/images\/news\/irska_mt_01.JPG\" alt=\"\" \/><br \/>\n<img decoding=\"async\" style=\"margin: 5px;\" src=\"\/images\/news\/irska_mt_02.JPG\" alt=\"\" \/><br \/>\n<img decoding=\"async\" style=\"margin: 5px;\" src=\"\/images\/news\/irska_mt_03.JPG\" alt=\"\" \/><br \/>\n<img decoding=\"async\" style=\"margin: 5px;\" src=\"\/images\/news\/irska_mt_04.JPG\" alt=\"\" \/><\/p>\n","protected":false},"excerpt":{"rendered":"<p>Knji\u017enica Frana Levstika v Velikih La\u0161\u010dah v sodelovanju z Zavodom PARNAS Fotografska razstava Martina Tekavec: Irska, vtisi s potovanja na [&hellip;]<\/p>\n","protected":false},"author":4,"featured_media":702,"comment_status":"closed","ping_status":"closed","sticky":false,"template":"","format":"standard","meta":{"site-sidebar-layout":"default","site-content-layout":"","ast-site-content-layout":"default","site-content-style":"default","site-sidebar-style":"default","ast-global-header-display":"","ast-banner-title-visibility":"","ast-main-header-display":"","ast-hfb-above-header-display":"","ast-hfb-below-header-display":"","ast-hfb-mobile-header-display":"","site-post-title":"","ast-breadcrumbs-content":"","ast-featured-img":"","footer-sml-layout":"","theme-transparent-header-meta":"","adv-header-id-meta":"","stick-header-meta":"","header-above-stick-meta":"","header-main-stick-meta":"","header-below-stick-meta":"","astra-migrate-meta-layouts":"default","ast-page-background-enabled":"default","ast-page-background-meta":{"desktop":{"background-color":"var(--ast-global-color-5)","background-image":"","background-repeat":"repeat","background-position":"center center","background-size":"auto","background-attachment":"scroll","background-type":"","background-media":"","overlay-type":"","overlay-color":"","overlay-opacity":"","overlay-gradient":""},"tablet":{"background-color":"","background-image":"","background-repeat":"repeat","background-position":"center center","background-size":"auto","background-attachment":"scroll","background-type":"","background-media":"","overlay-type":"","overlay-color":"","overlay-opacity":"","overlay-gradient":""},"mobile":{"background-color":"","background-image":"","background-repeat":"repeat","background-position":"center center","background-size":"auto","background-attachment":"scroll","background-type":"","background-media":"","overlay-type":"","overlay-color":"","overlay-opacity":"","overlay-gradient":""}},"ast-content-background-meta":{"desktop":{"background-color":"var(--ast-global-color-4)","background-image":"","background-repeat":"repeat","background-position":"center center","background-size":"auto","background-attachment":"scroll","background-type":"","background-media":"","overlay-type":"","overlay-color":"","overlay-opacity":"","overlay-gradient":""},"tablet":{"background-color":"var(--ast-global-color-4)","background-image":"","background-repeat":"repeat","background-position":"center center","background-size":"auto","background-attachment":"scroll","background-type":"","background-media":"","overlay-type":"","overlay-color":"","overlay-opacity":"","overlay-gradient":""},"mobile":{"background-color":"var(--ast-global-color-4)","background-image":"","background-repeat":"repeat","background-position":"center center","background-size":"auto","background-attachment":"scroll","background-type":"","background-media":"","overlay-type":"","overlay-color":"","overlay-opacity":"","overlay-gradient":""}},"footnotes":""},"categories":[6,9],"tags":[],"class_list":["post-556","post","type-post","status-publish","format-standard","has-post-thumbnail","hentry","category-turisticna-ponudba","category-mladi-parnas"],"_links":{"self":[{"href":"https:\/\/zavod-parnas.org\/w\/wp-json\/wp\/v2\/posts\/556","targetHints":{"allow":["GET"]}}],"collection":[{"href":"https:\/\/zavod-parnas.org\/w\/wp-json\/wp\/v2\/posts"}],"about":[{"href":"https:\/\/zavod-parnas.org\/w\/wp-json\/wp\/v2\/types\/post"}],"author":[{"embeddable":true,"href":"https:\/\/zavod-parnas.org\/w\/wp-json\/wp\/v2\/users\/4"}],"replies":[{"embeddable":true,"href":"https:\/\/zavod-parnas.org\/w\/wp-json\/wp\/v2\/comments?post=556"}],"version-history":[{"count":3,"href":"https:\/\/zavod-parnas.org\/w\/wp-json\/wp\/v2\/posts\/556\/revisions"}],"predecessor-version":[{"id":1946,"href":"https:\/\/zavod-parnas.org\/w\/wp-json\/wp\/v2\/posts\/556\/revisions\/1946"}],"wp:featuredmedia":[{"embeddable":true,"href":"https:\/\/zavod-parnas.org\/w\/wp-json\/wp\/v2\/media\/702"}],"wp:attachment":[{"href":"https:\/\/zavod-parnas.org\/w\/wp-json\/wp\/v2\/media?parent=556"}],"wp:term":[{"taxonomy":"category","embeddable":true,"href":"https:\/\/zavod-parnas.org\/w\/wp-json\/wp\/v2\/categories?post=556"},{"taxonomy":"post_tag","embeddable":true,"href":"https:\/\/zavod-parnas.org\/w\/wp-json\/wp\/v2\/tags?post=556"}],"curies":[{"name":"wp","href":"https:\/\/api.w.org\/{rel}","templated":true}]}}